{"id":1821,"date":"2026-04-26T12:00:56","date_gmt":"2026-04-26T11:00:56","guid":{"rendered":"https:\/\/www.hotelportas.cz\/vina-sloboda\/"},"modified":"2026-04-26T15:22:17","modified_gmt":"2026-04-26T14:22:17","slug":"vina-sloboda","status":"publish","type":"post","link":"https:\/\/www.hotelportas.cz\/en\/vina-sloboda\/","title":{"rendered":"V\u00edna Sloboda"},"content":{"rendered":"<p>&nbsp;<\/p>\n<p>Aktu\u00e1ln\u011b jsme pro V\u00e1s osobn\u011b p\u0159ivezli a naskladnili \u010derstv\u00fd ro\u010dn\u00edk osv\u011bd\u010den\u00fdch a u n\u00e1s ji\u017e p\u00e1r let velmi obl\u00edben\u00fdch b\u00edl\u00fdch v\u00edn z rakousk\u00e9ho vina\u0159stv\u00ed <a href=\"http:\/\/www.sloboda.at\" target=\"_blank\" rel=\"noopener\">Fabian Sloboda<\/a> z Podersdorf am See, krom\u011b jin\u00fdch odr\u016fd hlavn\u011b jejich skv\u011bl\u00e9 such\u00e9 Veltl\u00ednsk\u00e9 zelen\u00e9. Na zkou\u0161ku hlavn\u011b na l\u00e9to jsme letos p\u0159ibrali i p\u00e1r lahv\u00ed Ros\u00e9 Zweigeltrebe.<\/p>\n<p>P\u0159ij\u010fte n\u011bkdy ochutnat a v\u011b\u0159\u00edme, \u017ee nebudete zklam\u00e1ni!<\/p>\n<p><img decoding=\"async\" class=\"aligncenter size-full wp-image-1813\" src=\"https:\/\/www.hotelportas.cz\/wp-content\/uploads\/2026\/04\/IMG_8521.heic\" alt=\"\" \/><\/p>\n","protected":false},"excerpt":{"rendered":"<p>&nbsp; Aktu\u00e1ln\u011b jsme pro V\u00e1s osobn\u011b p\u0159ivezli a naskladnili \u010derstv\u00fd ro\u010dn\u00edk osv\u011bd\u010den\u00fdch a u n\u00e1s ji\u017e p\u00e1r let velmi obl\u00edben\u00fdch b\u00edl\u00fdch v\u00edn z rakousk\u00e9ho vina\u0159stv\u00ed Fabian Sloboda z Podersdorf am See, krom\u011b jin\u00fdch odr\u016fd hlavn\u011b jejich skv\u011bl\u00e9 such\u00e9 Veltl\u00ednsk\u00e9 zelen\u00e9. Na zkou\u0161ku hlavn\u011b na l\u00e9to jsme letos p\u0159ibrali i p\u00e1r lahv\u00ed Ros\u00e9 Zweigeltrebe. P\u0159ij\u010fte n\u011bkdy [&hellip;]<\/p>\n","protected":false},"author":1,"featured_media":1814,"comment_status":"open","ping_status":"open","sticky":false,"template":"","format":"standard","meta":{"footnotes":""},"categories":[3],"tags":[],"class_list":["post-1821","post","type-post","status-publish","format-standard","has-post-thumbnail","hentry","category-uncategorized"],"yoast_head":"<!-- This site is optimized with the Yoast SEO plugin v28.4 - https:\/\/yoast.com\/product\/yoast-seo-wordpress\/ -->\n<title>V\u00edna Sloboda - Horsk\u00fd hotel Port\u00e1\u0161<\/title>\n<meta name=\"robots\" content=\"index, follow, max-snippet:-1, max-image-preview:large, max-video-preview:-1\" \/>\n<link rel=\"canonical\" href=\"https:\/\/www.hotelportas.cz\/en\/vina-sloboda\/\" \/>\n<meta property=\"og:locale\" content=\"en_US\" \/>\n<meta property=\"og:type\" content=\"article\" \/>\n<meta property=\"og:title\" content=\"V\u00edna Sloboda - Horsk\u00fd hotel Port\u00e1\u0161\" \/>\n<meta property=\"og:description\" content=\"&nbsp; Aktu\u00e1ln\u011b jsme pro V\u00e1s osobn\u011b p\u0159ivezli a naskladnili \u010derstv\u00fd ro\u010dn\u00edk osv\u011bd\u010den\u00fdch a u n\u00e1s ji\u017e p\u00e1r let velmi obl\u00edben\u00fdch b\u00edl\u00fdch v\u00edn z rakousk\u00e9ho vina\u0159stv\u00ed Fabian Sloboda z Podersdorf am See, krom\u011b jin\u00fdch odr\u016fd hlavn\u011b jejich skv\u011bl\u00e9 such\u00e9 Veltl\u00ednsk\u00e9 zelen\u00e9. Na zkou\u0161ku hlavn\u011b na l\u00e9to jsme letos p\u0159ibrali i p\u00e1r lahv\u00ed Ros\u00e9 Zweigeltrebe. P\u0159ij\u010fte n\u011bkdy [&hellip;]\" \/>\n<meta property=\"og:url\" content=\"https:\/\/www.hotelportas.cz\/en\/vina-sloboda\/\" \/>\n<meta property=\"og:site_name\" content=\"Horsk\u00fd hotel Port\u00e1\u0161\" \/>\n<meta property=\"article:published_time\" content=\"2026-04-26T11:00:56+00:00\" \/>\n<meta property=\"article:modified_time\" content=\"2026-04-26T14:22:17+00:00\" \/>\n<meta name=\"author\" content=\"portas\" \/>\n<meta name=\"twitter:card\" content=\"summary_large_image\" \/>\n<meta name=\"twitter:label1\" content=\"Written by\" \/>\n\t<meta name=\"twitter:data1\" content=\"portas\" \/>\n\t<meta name=\"twitter:label2\" content=\"Est. reading time\" \/>\n\t<meta name=\"twitter:data2\" content=\"1 minute\" \/>\n<script type=\"application\/ld+json\" class=\"yoast-schema-graph\">{\"@context\":\"https:\\\/\\\/schema.org\",\"@graph\":[{\"@type\":\"Article\",\"@id\":\"https:\\\/\\\/www.hotelportas.cz\\\/en\\\/vina-sloboda\\\/#article\",\"isPartOf\":{\"@id\":\"https:\\\/\\\/www.hotelportas.cz\\\/en\\\/vina-sloboda\\\/\"},\"author\":{\"name\":\"portas\",\"@id\":\"https:\\\/\\\/www.hotelportas.cz\\\/#\\\/schema\\\/person\\\/96844ea135b64ea833e5dc21ee226803\"},\"headline\":\"V\u00edna Sloboda\",\"datePublished\":\"2026-04-26T11:00:56+00:00\",\"dateModified\":\"2026-04-26T14:22:17+00:00\",\"mainEntityOfPage\":{\"@id\":\"https:\\\/\\\/www.hotelportas.cz\\\/en\\\/vina-sloboda\\\/\"},\"wordCount\":94,\"commentCount\":0,\"publisher\":{\"@id\":\"https:\\\/\\\/www.hotelportas.cz\\\/#organization\"},\"image\":{\"@id\":\"https:\\\/\\\/www.hotelportas.cz\\\/en\\\/vina-sloboda\\\/#primaryimage\"},\"thumbnailUrl\":\"https:\\\/\\\/www.hotelportas.cz\\\/wp-content\\\/uploads\\\/2026\\\/04\\\/IMG_8521.heic\",\"inLanguage\":\"en-US\",\"potentialAction\":[{\"@type\":\"CommentAction\",\"name\":\"Comment\",\"target\":[\"https:\\\/\\\/www.hotelportas.cz\\\/en\\\/vina-sloboda\\\/#respond\"]}]},{\"@type\":\"WebPage\",\"@id\":\"https:\\\/\\\/www.hotelportas.cz\\\/en\\\/vina-sloboda\\\/\",\"url\":\"https:\\\/\\\/www.hotelportas.cz\\\/en\\\/vina-sloboda\\\/\",\"name\":\"V\u00edna Sloboda - Horsk\u00fd hotel Port\u00e1\u0161\",\"isPartOf\":{\"@id\":\"https:\\\/\\\/www.hotelportas.cz\\\/#website\"},\"primaryImageOfPage\":{\"@id\":\"https:\\\/\\\/www.hotelportas.cz\\\/en\\\/vina-sloboda\\\/#primaryimage\"},\"image\":{\"@id\":\"https:\\\/\\\/www.hotelportas.cz\\\/en\\\/vina-sloboda\\\/#primaryimage\"},\"thumbnailUrl\":\"https:\\\/\\\/www.hotelportas.cz\\\/wp-content\\\/uploads\\\/2026\\\/04\\\/IMG_8521.heic\",\"datePublished\":\"2026-04-26T11:00:56+00:00\",\"dateModified\":\"2026-04-26T14:22:17+00:00\",\"breadcrumb\":{\"@id\":\"https:\\\/\\\/www.hotelportas.cz\\\/en\\\/vina-sloboda\\\/#breadcrumb\"},\"inLanguage\":\"en-US\",\"potentialAction\":[{\"@type\":\"ReadAction\",\"target\":[\"https:\\\/\\\/www.hotelportas.cz\\\/en\\\/vina-sloboda\\\/\"]}]},{\"@type\":\"ImageObject\",\"inLanguage\":\"en-US\",\"@id\":\"https:\\\/\\\/www.hotelportas.cz\\\/en\\\/vina-sloboda\\\/#primaryimage\",\"url\":\"https:\\\/\\\/www.hotelportas.cz\\\/wp-content\\\/uploads\\\/2026\\\/04\\\/IMG_8521.heic\",\"contentUrl\":\"https:\\\/\\\/www.hotelportas.cz\\\/wp-content\\\/uploads\\\/2026\\\/04\\\/IMG_8521.heic\"},{\"@type\":\"BreadcrumbList\",\"@id\":\"https:\\\/\\\/www.hotelportas.cz\\\/en\\\/vina-sloboda\\\/#breadcrumb\",\"itemListElement\":[{\"@type\":\"ListItem\",\"position\":1,\"name\":\"Home\",\"item\":\"https:\\\/\\\/www.hotelportas.cz\\\/en\\\/\"},{\"@type\":\"ListItem\",\"position\":2,\"name\":\"V\u00edna Sloboda\"}]},{\"@type\":\"WebSite\",\"@id\":\"https:\\\/\\\/www.hotelportas.cz\\\/#website\",\"url\":\"https:\\\/\\\/www.hotelportas.cz\\\/\",\"name\":\"Horsk\u00fd hotel Port\u00e1\u0161\",\"description\":\"Hotel Port\u00e1\u0161 - tradi\u010dn\u00ed vala\u0161sk\u00fd d\u0159ev\u011bn\u00fd hotel v srdci Javorn\u00edk\u016f.\",\"publisher\":{\"@id\":\"https:\\\/\\\/www.hotelportas.cz\\\/#organization\"},\"potentialAction\":[{\"@type\":\"SearchAction\",\"target\":{\"@type\":\"EntryPoint\",\"urlTemplate\":\"https:\\\/\\\/www.hotelportas.cz\\\/?s={search_term_string}\"},\"query-input\":{\"@type\":\"PropertyValueSpecification\",\"valueRequired\":true,\"valueName\":\"search_term_string\"}}],\"inLanguage\":\"en-US\"},{\"@type\":\"Organization\",\"@id\":\"https:\\\/\\\/www.hotelportas.cz\\\/#organization\",\"name\":\"Horsk\u00fd hotel Port\u00e1\u0161\",\"url\":\"https:\\\/\\\/www.hotelportas.cz\\\/\",\"logo\":{\"@type\":\"ImageObject\",\"inLanguage\":\"en-US\",\"@id\":\"https:\\\/\\\/www.hotelportas.cz\\\/#\\\/schema\\\/logo\\\/image\\\/\",\"url\":\"https:\\\/\\\/www.hotelportas.cz\\\/wp-content\\\/uploads\\\/2022\\\/05\\\/Portas-logo-domecek.png\",\"contentUrl\":\"https:\\\/\\\/www.hotelportas.cz\\\/wp-content\\\/uploads\\\/2022\\\/05\\\/Portas-logo-domecek.png\",\"width\":719,\"height\":719,\"caption\":\"Horsk\u00fd hotel Port\u00e1\u0161\"},\"image\":{\"@id\":\"https:\\\/\\\/www.hotelportas.cz\\\/#\\\/schema\\\/logo\\\/image\\\/\"}},{\"@type\":\"Person\",\"@id\":\"https:\\\/\\\/www.hotelportas.cz\\\/#\\\/schema\\\/person\\\/96844ea135b64ea833e5dc21ee226803\",\"name\":\"portas\",\"image\":{\"@type\":\"ImageObject\",\"inLanguage\":\"en-US\",\"@id\":\"https:\\\/\\\/secure.gravatar.com\\\/avatar\\\/b87a6da866c4994b8586d06ff36da0a94d3bef0be088c35e23c877fa35bdff46?s=96&d=mm&r=g\",\"url\":\"https:\\\/\\\/secure.gravatar.com\\\/avatar\\\/b87a6da866c4994b8586d06ff36da0a94d3bef0be088c35e23c877fa35bdff46?s=96&d=mm&r=g\",\"contentUrl\":\"https:\\\/\\\/secure.gravatar.com\\\/avatar\\\/b87a6da866c4994b8586d06ff36da0a94d3bef0be088c35e23c877fa35bdff46?s=96&d=mm&r=g\",\"caption\":\"portas\"},\"url\":\"https:\\\/\\\/www.hotelportas.cz\\\/en\\\/author\\\/portas\\\/\"}]}<\/script>\n<!-- \/ Yoast SEO plugin. -->","yoast_head_json":{"title":"V\u00edna Sloboda - Horsk\u00fd hotel Port\u00e1\u0161","robots":{"index":"index","follow":"follow","max-snippet":"max-snippet:-1","max-image-preview":"max-image-preview:large","max-video-preview":"max-video-preview:-1"},"canonical":"https:\/\/www.hotelportas.cz\/en\/vina-sloboda\/","og_locale":"en_US","og_type":"article","og_title":"V\u00edna Sloboda - Horsk\u00fd hotel Port\u00e1\u0161","og_description":"&nbsp; Aktu\u00e1ln\u011b jsme pro V\u00e1s osobn\u011b p\u0159ivezli a naskladnili \u010derstv\u00fd ro\u010dn\u00edk osv\u011bd\u010den\u00fdch a u n\u00e1s ji\u017e p\u00e1r let velmi obl\u00edben\u00fdch b\u00edl\u00fdch v\u00edn z rakousk\u00e9ho vina\u0159stv\u00ed Fabian Sloboda z Podersdorf am See, krom\u011b jin\u00fdch odr\u016fd hlavn\u011b jejich skv\u011bl\u00e9 such\u00e9 Veltl\u00ednsk\u00e9 zelen\u00e9. Na zkou\u0161ku hlavn\u011b na l\u00e9to jsme letos p\u0159ibrali i p\u00e1r lahv\u00ed Ros\u00e9 Zweigeltrebe. P\u0159ij\u010fte n\u011bkdy [&hellip;]","og_url":"https:\/\/www.hotelportas.cz\/en\/vina-sloboda\/","og_site_name":"Horsk\u00fd hotel Port\u00e1\u0161","article_published_time":"2026-04-26T11:00:56+00:00","article_modified_time":"2026-04-26T14:22:17+00:00","author":"portas","twitter_card":"summary_large_image","twitter_misc":{"Written by":"portas","Est. reading time":"1 minute"},"schema":{"@context":"https:\/\/schema.org","@graph":[{"@type":"Article","@id":"https:\/\/www.hotelportas.cz\/en\/vina-sloboda\/#article","isPartOf":{"@id":"https:\/\/www.hotelportas.cz\/en\/vina-sloboda\/"},"author":{"name":"portas","@id":"https:\/\/www.hotelportas.cz\/#\/schema\/person\/96844ea135b64ea833e5dc21ee226803"},"headline":"V\u00edna Sloboda","datePublished":"2026-04-26T11:00:56+00:00","dateModified":"2026-04-26T14:22:17+00:00","mainEntityOfPage":{"@id":"https:\/\/www.hotelportas.cz\/en\/vina-sloboda\/"},"wordCount":94,"commentCount":0,"publisher":{"@id":"https:\/\/www.hotelportas.cz\/#organization"},"image":{"@id":"https:\/\/www.hotelportas.cz\/en\/vina-sloboda\/#primaryimage"},"thumbnailUrl":"https:\/\/www.hotelportas.cz\/wp-content\/uploads\/2026\/04\/IMG_8521.heic","inLanguage":"en-US","potentialAction":[{"@type":"CommentAction","name":"Comment","target":["https:\/\/www.hotelportas.cz\/en\/vina-sloboda\/#respond"]}]},{"@type":"WebPage","@id":"https:\/\/www.hotelportas.cz\/en\/vina-sloboda\/","url":"https:\/\/www.hotelportas.cz\/en\/vina-sloboda\/","name":"V\u00edna Sloboda - Horsk\u00fd hotel Port\u00e1\u0161","isPartOf":{"@id":"https:\/\/www.hotelportas.cz\/#website"},"primaryImageOfPage":{"@id":"https:\/\/www.hotelportas.cz\/en\/vina-sloboda\/#primaryimage"},"image":{"@id":"https:\/\/www.hotelportas.cz\/en\/vina-sloboda\/#primaryimage"},"thumbnailUrl":"https:\/\/www.hotelportas.cz\/wp-content\/uploads\/2026\/04\/IMG_8521.heic","datePublished":"2026-04-26T11:00:56+00:00","dateModified":"2026-04-26T14:22:17+00:00","breadcrumb":{"@id":"https:\/\/www.hotelportas.cz\/en\/vina-sloboda\/#breadcrumb"},"inLanguage":"en-US","potentialAction":[{"@type":"ReadAction","target":["https:\/\/www.hotelportas.cz\/en\/vina-sloboda\/"]}]},{"@type":"ImageObject","inLanguage":"en-US","@id":"https:\/\/www.hotelportas.cz\/en\/vina-sloboda\/#primaryimage","url":"https:\/\/www.hotelportas.cz\/wp-content\/uploads\/2026\/04\/IMG_8521.heic","contentUrl":"https:\/\/www.hotelportas.cz\/wp-content\/uploads\/2026\/04\/IMG_8521.heic"},{"@type":"BreadcrumbList","@id":"https:\/\/www.hotelportas.cz\/en\/vina-sloboda\/#breadcrumb","itemListElement":[{"@type":"ListItem","position":1,"name":"Home","item":"https:\/\/www.hotelportas.cz\/en\/"},{"@type":"ListItem","position":2,"name":"V\u00edna Sloboda"}]},{"@type":"WebSite","@id":"https:\/\/www.hotelportas.cz\/#website","url":"https:\/\/www.hotelportas.cz\/","name":"Horsk\u00fd hotel Port\u00e1\u0161","description":"Hotel Port\u00e1\u0161 - tradi\u010dn\u00ed vala\u0161sk\u00fd d\u0159ev\u011bn\u00fd hotel v srdci Javorn\u00edk\u016f.","publisher":{"@id":"https:\/\/www.hotelportas.cz\/#organization"},"potentialAction":[{"@type":"SearchAction","target":{"@type":"EntryPoint","urlTemplate":"https:\/\/www.hotelportas.cz\/?s={search_term_string}"},"query-input":{"@type":"PropertyValueSpecification","valueRequired":true,"valueName":"search_term_string"}}],"inLanguage":"en-US"},{"@type":"Organization","@id":"https:\/\/www.hotelportas.cz\/#organization","name":"Horsk\u00fd hotel Port\u00e1\u0161","url":"https:\/\/www.hotelportas.cz\/","logo":{"@type":"ImageObject","inLanguage":"en-US","@id":"https:\/\/www.hotelportas.cz\/#\/schema\/logo\/image\/","url":"https:\/\/www.hotelportas.cz\/wp-content\/uploads\/2022\/05\/Portas-logo-domecek.png","contentUrl":"https:\/\/www.hotelportas.cz\/wp-content\/uploads\/2022\/05\/Portas-logo-domecek.png","width":719,"height":719,"caption":"Horsk\u00fd hotel Port\u00e1\u0161"},"image":{"@id":"https:\/\/www.hotelportas.cz\/#\/schema\/logo\/image\/"}},{"@type":"Person","@id":"https:\/\/www.hotelportas.cz\/#\/schema\/person\/96844ea135b64ea833e5dc21ee226803","name":"portas","image":{"@type":"ImageObject","inLanguage":"en-US","@id":"https:\/\/secure.gravatar.com\/avatar\/b87a6da866c4994b8586d06ff36da0a94d3bef0be088c35e23c877fa35bdff46?s=96&d=mm&r=g","url":"https:\/\/secure.gravatar.com\/avatar\/b87a6da866c4994b8586d06ff36da0a94d3bef0be088c35e23c877fa35bdff46?s=96&d=mm&r=g","contentUrl":"https:\/\/secure.gravatar.com\/avatar\/b87a6da866c4994b8586d06ff36da0a94d3bef0be088c35e23c877fa35bdff46?s=96&d=mm&r=g","caption":"portas"},"url":"https:\/\/www.hotelportas.cz\/en\/author\/portas\/"}]}},"_links":{"self":[{"href":"https:\/\/www.hotelportas.cz\/en\/wp-json\/wp\/v2\/posts\/1821","targetHints":{"allow":["GET"]}}],"collection":[{"href":"https:\/\/www.hotelportas.cz\/en\/wp-json\/wp\/v2\/posts"}],"about":[{"href":"https:\/\/www.hotelportas.cz\/en\/wp-json\/wp\/v2\/types\/post"}],"author":[{"embeddable":true,"href":"https:\/\/www.hotelportas.cz\/en\/wp-json\/wp\/v2\/users\/1"}],"replies":[{"embeddable":true,"href":"https:\/\/www.hotelportas.cz\/en\/wp-json\/wp\/v2\/comments?post=1821"}],"version-history":[{"count":2,"href":"https:\/\/www.hotelportas.cz\/en\/wp-json\/wp\/v2\/posts\/1821\/revisions"}],"predecessor-version":[{"id":1882,"href":"https:\/\/www.hotelportas.cz\/en\/wp-json\/wp\/v2\/posts\/1821\/revisions\/1882"}],"wp:featuredmedia":[{"embeddable":true,"href":"https:\/\/www.hotelportas.cz\/en\/wp-json\/wp\/v2\/media\/1814"}],"wp:attachment":[{"href":"https:\/\/www.hotelportas.cz\/en\/wp-json\/wp\/v2\/media?parent=1821"}],"wp:term":[{"taxonomy":"category","embeddable":true,"href":"https:\/\/www.hotelportas.cz\/en\/wp-json\/wp\/v2\/categories?post=1821"},{"taxonomy":"post_tag","embeddable":true,"href":"https:\/\/www.hotelportas.cz\/en\/wp-json\/wp\/v2\/tags?post=1821"}],"curies":[{"name":"wp","href":"https:\/\/api.w.org\/{rel}","templated":true}]}}