{"id":1826,"date":"2025-12-14T21:51:14","date_gmt":"2025-12-14T20:51:14","guid":{"rendered":"https:\/\/www.hotelportas.cz\/nova-piva-na-portasi\/"},"modified":"2026-04-26T12:10:49","modified_gmt":"2026-04-26T11:10:49","slug":"nova-piva-na-portasi","status":"publish","type":"post","link":"https:\/\/www.hotelportas.cz\/de\/nova-piva-na-portasi\/","title":{"rendered":"Nov\u00e1 piva na Port\u00e1\u0161i"},"content":{"rendered":"<p>Z d\u016fvodu ukon\u010den\u00ed v\u00fdroby na\u0161eho dosavadn\u00edho dodavatele piv Port\u00e1\u0161 &#8211; pivovaru Za\u0161ov\u00e1 &#8211; jsme nuceni po t\u00e9m\u011b\u0159 deseti letech spolupr\u00e1ce p\u0159istoupit na zm\u011bnu &#8211; nov\u011b nab\u00edz\u00edme piva n\u00e1m je\u0161t\u011b bli\u017e\u0161\u00edho <a href=\"https:\/\/www.karlovskypivovar.cz\" target=\"_blank\" rel=\"noopener\">Karlovsk\u00e9ho minipivovaru<\/a> Pod Pralesem z t\u00e9m\u011b\u0159 sousedn\u00edch Velk\u00fdch Karlovic. Nyn\u00ed tedy m\u00e1me v nab\u00eddce z\u00e1kladn\u00ed nefiltrovan\u00e9 a nepasterovan\u00e9 pivo Sk\u0159\u00edtek 11\u00b0, d\u00e1le aktu\u00e1ln\u011b i siln\u011bj\u0161\u00ed polotmav\u00fd v\u00e1no\u010dn\u00ed speci\u00e1l Drdl\u00edk 15\u00b0, na \u010depu bude od V\u00e1noc i nealko IPA. Co se t\u00fdk\u00e1 balen\u00fdch piv, m\u00e1me v prodeji i 1L PET piva ze \u0161ir\u0161\u00edho sortimentu pivovaru.<img loading=\"lazy\" decoding=\"async\" class=\"aligncenter size-large wp-image-1728\" src=\"https:\/\/www.hotelportas.cz\/wp-content\/uploads\/2025\/12\/IMG_8070-scaled-e1765744341898-1024x758.jpg\" alt=\"\" width=\"1024\" height=\"758\" srcset=\"https:\/\/www.hotelportas.cz\/wp-content\/uploads\/2025\/12\/IMG_8070-scaled-e1765744341898-1024x758.jpg 1024w, https:\/\/www.hotelportas.cz\/wp-content\/uploads\/2025\/12\/IMG_8070-scaled-e1765744341898-300x222.jpg 300w, https:\/\/www.hotelportas.cz\/wp-content\/uploads\/2025\/12\/IMG_8070-scaled-e1765744341898-768x569.jpg 768w, https:\/\/www.hotelportas.cz\/wp-content\/uploads\/2025\/12\/IMG_8070-scaled-e1765744341898-1536x1137.jpg 1536w, https:\/\/www.hotelportas.cz\/wp-content\/uploads\/2025\/12\/IMG_8070-scaled-e1765744341898-2048x1516.jpg 2048w\" sizes=\"auto, (max-width: 1024px) 100vw, 1024px\" \/><\/p>\n","protected":false},"excerpt":{"rendered":"<p>Z d\u016fvodu ukon\u010den\u00ed v\u00fdroby na\u0161eho dosavadn\u00edho dodavatele piv Port\u00e1\u0161 &#8211; pivovaru Za\u0161ov\u00e1 &#8211; jsme nuceni po t\u00e9m\u011b\u0159 deseti letech spolupr\u00e1ce p\u0159istoupit na zm\u011bnu &#8211; nov\u011b nab\u00edz\u00edme piva n\u00e1m je\u0161t\u011b bli\u017e\u0161\u00edho Karlovsk\u00e9ho minipivovaru Pod Pralesem z t\u00e9m\u011b\u0159 sousedn\u00edch Velk\u00fdch Karlovic. Nyn\u00ed tedy m\u00e1me v nab\u00eddce z\u00e1kladn\u00ed nefiltrovan\u00e9 a nepasterovan\u00e9 pivo Sk\u0159\u00edtek 11\u00b0, d\u00e1le aktu\u00e1ln\u011b i siln\u011bj\u0161\u00ed [&hellip;]<\/p>\n","protected":false},"author":1,"featured_media":1730,"comment_status":"open","ping_status":"open","sticky":false,"template":"","format":"standard","meta":{"footnotes":""},"categories":[5],"tags":[],"class_list":["post-1826","post","type-post","status-publish","format-standard","has-post-thumbnail","hentry","category-unkategorisiert"],"yoast_head":"<!-- This site is optimized with the Yoast SEO plugin v27.5 - https:\/\/yoast.com\/product\/yoast-seo-wordpress\/ -->\n<title>Nov\u00e1 piva na Port\u00e1\u0161i - Horsk\u00fd hotel Port\u00e1\u0161<\/title>\n<meta name=\"robots\" content=\"index, follow, max-snippet:-1, max-image-preview:large, max-video-preview:-1\" \/>\n<link rel=\"canonical\" href=\"https:\/\/www.hotelportas.cz\/de\/nova-piva-na-portasi\/\" \/>\n<meta property=\"og:locale\" content=\"de_DE\" \/>\n<meta property=\"og:type\" content=\"article\" \/>\n<meta property=\"og:title\" content=\"Nov\u00e1 piva na Port\u00e1\u0161i - Horsk\u00fd hotel Port\u00e1\u0161\" \/>\n<meta property=\"og:description\" content=\"Z d\u016fvodu ukon\u010den\u00ed v\u00fdroby na\u0161eho dosavadn\u00edho dodavatele piv Port\u00e1\u0161 &#8211; pivovaru Za\u0161ov\u00e1 &#8211; jsme nuceni po t\u00e9m\u011b\u0159 deseti letech spolupr\u00e1ce p\u0159istoupit na zm\u011bnu &#8211; nov\u011b nab\u00edz\u00edme piva n\u00e1m je\u0161t\u011b bli\u017e\u0161\u00edho Karlovsk\u00e9ho minipivovaru Pod Pralesem z t\u00e9m\u011b\u0159 sousedn\u00edch Velk\u00fdch Karlovic. Nyn\u00ed tedy m\u00e1me v nab\u00eddce z\u00e1kladn\u00ed nefiltrovan\u00e9 a nepasterovan\u00e9 pivo Sk\u0159\u00edtek 11\u00b0, d\u00e1le aktu\u00e1ln\u011b i siln\u011bj\u0161\u00ed [&hellip;]\" \/>\n<meta property=\"og:url\" content=\"https:\/\/www.hotelportas.cz\/de\/nova-piva-na-portasi\/\" \/>\n<meta property=\"og:site_name\" content=\"Horsk\u00fd hotel Port\u00e1\u0161\" \/>\n<meta property=\"article:published_time\" content=\"2025-12-14T20:51:14+00:00\" \/>\n<meta property=\"article:modified_time\" content=\"2026-04-26T11:10:49+00:00\" \/>\n<meta name=\"author\" content=\"portas\" \/>\n<meta name=\"twitter:card\" content=\"summary_large_image\" \/>\n<meta name=\"twitter:label1\" content=\"Written by\" \/>\n\t<meta name=\"twitter:data1\" content=\"portas\" \/>\n\t<meta name=\"twitter:label2\" content=\"Est. reading time\" \/>\n\t<meta name=\"twitter:data2\" content=\"1 minute\" \/>\n<script type=\"application\/ld+json\" class=\"yoast-schema-graph\">{\"@context\":\"https:\\\/\\\/schema.org\",\"@graph\":[{\"@type\":\"Article\",\"@id\":\"https:\\\/\\\/www.hotelportas.cz\\\/de\\\/nova-piva-na-portasi\\\/#article\",\"isPartOf\":{\"@id\":\"https:\\\/\\\/www.hotelportas.cz\\\/de\\\/nova-piva-na-portasi\\\/\"},\"author\":{\"name\":\"portas\",\"@id\":\"https:\\\/\\\/www.hotelportas.cz\\\/#\\\/schema\\\/person\\\/96844ea135b64ea833e5dc21ee226803\"},\"headline\":\"Nov\u00e1 piva na Port\u00e1\u0161i\",\"datePublished\":\"2025-12-14T20:51:14+00:00\",\"dateModified\":\"2026-04-26T11:10:49+00:00\",\"mainEntityOfPage\":{\"@id\":\"https:\\\/\\\/www.hotelportas.cz\\\/de\\\/nova-piva-na-portasi\\\/\"},\"wordCount\":122,\"commentCount\":0,\"publisher\":{\"@id\":\"https:\\\/\\\/www.hotelportas.cz\\\/#organization\"},\"image\":{\"@id\":\"https:\\\/\\\/www.hotelportas.cz\\\/de\\\/nova-piva-na-portasi\\\/#primaryimage\"},\"thumbnailUrl\":\"https:\\\/\\\/www.hotelportas.cz\\\/wp-content\\\/uploads\\\/2025\\\/12\\\/IMG_8070.heic\",\"articleSection\":[\"Unkategorisiert\"],\"inLanguage\":\"de-DE\",\"potentialAction\":[{\"@type\":\"CommentAction\",\"name\":\"Comment\",\"target\":[\"https:\\\/\\\/www.hotelportas.cz\\\/de\\\/nova-piva-na-portasi\\\/#respond\"]}]},{\"@type\":\"WebPage\",\"@id\":\"https:\\\/\\\/www.hotelportas.cz\\\/de\\\/nova-piva-na-portasi\\\/\",\"url\":\"https:\\\/\\\/www.hotelportas.cz\\\/de\\\/nova-piva-na-portasi\\\/\",\"name\":\"Nov\u00e1 piva na Port\u00e1\u0161i - Horsk\u00fd hotel Port\u00e1\u0161\",\"isPartOf\":{\"@id\":\"https:\\\/\\\/www.hotelportas.cz\\\/#website\"},\"primaryImageOfPage\":{\"@id\":\"https:\\\/\\\/www.hotelportas.cz\\\/de\\\/nova-piva-na-portasi\\\/#primaryimage\"},\"image\":{\"@id\":\"https:\\\/\\\/www.hotelportas.cz\\\/de\\\/nova-piva-na-portasi\\\/#primaryimage\"},\"thumbnailUrl\":\"https:\\\/\\\/www.hotelportas.cz\\\/wp-content\\\/uploads\\\/2025\\\/12\\\/IMG_8070.heic\",\"datePublished\":\"2025-12-14T20:51:14+00:00\",\"dateModified\":\"2026-04-26T11:10:49+00:00\",\"breadcrumb\":{\"@id\":\"https:\\\/\\\/www.hotelportas.cz\\\/de\\\/nova-piva-na-portasi\\\/#breadcrumb\"},\"inLanguage\":\"de-DE\",\"potentialAction\":[{\"@type\":\"ReadAction\",\"target\":[\"https:\\\/\\\/www.hotelportas.cz\\\/de\\\/nova-piva-na-portasi\\\/\"]}]},{\"@type\":\"ImageObject\",\"inLanguage\":\"de-DE\",\"@id\":\"https:\\\/\\\/www.hotelportas.cz\\\/de\\\/nova-piva-na-portasi\\\/#primaryimage\",\"url\":\"https:\\\/\\\/www.hotelportas.cz\\\/wp-content\\\/uploads\\\/2025\\\/12\\\/IMG_8070.heic\",\"contentUrl\":\"https:\\\/\\\/www.hotelportas.cz\\\/wp-content\\\/uploads\\\/2025\\\/12\\\/IMG_8070.heic\",\"width\":2283,\"height\":1690},{\"@type\":\"BreadcrumbList\",\"@id\":\"https:\\\/\\\/www.hotelportas.cz\\\/de\\\/nova-piva-na-portasi\\\/#breadcrumb\",\"itemListElement\":[{\"@type\":\"ListItem\",\"position\":1,\"name\":\"Home\",\"item\":\"https:\\\/\\\/www.hotelportas.cz\\\/de\\\/\"},{\"@type\":\"ListItem\",\"position\":2,\"name\":\"Nov\u00e1 piva na Port\u00e1\u0161i\"}]},{\"@type\":\"WebSite\",\"@id\":\"https:\\\/\\\/www.hotelportas.cz\\\/#website\",\"url\":\"https:\\\/\\\/www.hotelportas.cz\\\/\",\"name\":\"Horsk\u00fd hotel Port\u00e1\u0161\",\"description\":\"Hotel Port\u00e1\u0161 - tradi\u010dn\u00ed vala\u0161sk\u00fd d\u0159ev\u011bn\u00fd hotel v srdci Javorn\u00edk\u016f.\",\"publisher\":{\"@id\":\"https:\\\/\\\/www.hotelportas.cz\\\/#organization\"},\"potentialAction\":[{\"@type\":\"SearchAction\",\"target\":{\"@type\":\"EntryPoint\",\"urlTemplate\":\"https:\\\/\\\/www.hotelportas.cz\\\/?s={search_term_string}\"},\"query-input\":{\"@type\":\"PropertyValueSpecification\",\"valueRequired\":true,\"valueName\":\"search_term_string\"}}],\"inLanguage\":\"de-DE\"},{\"@type\":\"Organization\",\"@id\":\"https:\\\/\\\/www.hotelportas.cz\\\/#organization\",\"name\":\"Horsk\u00fd hotel Port\u00e1\u0161\",\"url\":\"https:\\\/\\\/www.hotelportas.cz\\\/\",\"logo\":{\"@type\":\"ImageObject\",\"inLanguage\":\"de-DE\",\"@id\":\"https:\\\/\\\/www.hotelportas.cz\\\/#\\\/schema\\\/logo\\\/image\\\/\",\"url\":\"https:\\\/\\\/www.hotelportas.cz\\\/wp-content\\\/uploads\\\/2022\\\/05\\\/Portas-logo-domecek.png\",\"contentUrl\":\"https:\\\/\\\/www.hotelportas.cz\\\/wp-content\\\/uploads\\\/2022\\\/05\\\/Portas-logo-domecek.png\",\"width\":719,\"height\":719,\"caption\":\"Horsk\u00fd hotel Port\u00e1\u0161\"},\"image\":{\"@id\":\"https:\\\/\\\/www.hotelportas.cz\\\/#\\\/schema\\\/logo\\\/image\\\/\"}},{\"@type\":\"Person\",\"@id\":\"https:\\\/\\\/www.hotelportas.cz\\\/#\\\/schema\\\/person\\\/96844ea135b64ea833e5dc21ee226803\",\"name\":\"portas\",\"image\":{\"@type\":\"ImageObject\",\"inLanguage\":\"de-DE\",\"@id\":\"https:\\\/\\\/secure.gravatar.com\\\/avatar\\\/b87a6da866c4994b8586d06ff36da0a94d3bef0be088c35e23c877fa35bdff46?s=96&d=mm&r=g\",\"url\":\"https:\\\/\\\/secure.gravatar.com\\\/avatar\\\/b87a6da866c4994b8586d06ff36da0a94d3bef0be088c35e23c877fa35bdff46?s=96&d=mm&r=g\",\"contentUrl\":\"https:\\\/\\\/secure.gravatar.com\\\/avatar\\\/b87a6da866c4994b8586d06ff36da0a94d3bef0be088c35e23c877fa35bdff46?s=96&d=mm&r=g\",\"caption\":\"portas\"},\"url\":\"https:\\\/\\\/www.hotelportas.cz\\\/de\\\/author\\\/portas\\\/\"}]}<\/script>\n<!-- \/ Yoast SEO plugin. -->","yoast_head_json":{"title":"Nov\u00e1 piva na Port\u00e1\u0161i - Horsk\u00fd hotel Port\u00e1\u0161","robots":{"index":"index","follow":"follow","max-snippet":"max-snippet:-1","max-image-preview":"max-image-preview:large","max-video-preview":"max-video-preview:-1"},"canonical":"https:\/\/www.hotelportas.cz\/de\/nova-piva-na-portasi\/","og_locale":"de_DE","og_type":"article","og_title":"Nov\u00e1 piva na Port\u00e1\u0161i - Horsk\u00fd hotel Port\u00e1\u0161","og_description":"Z d\u016fvodu ukon\u010den\u00ed v\u00fdroby na\u0161eho dosavadn\u00edho dodavatele piv Port\u00e1\u0161 &#8211; pivovaru Za\u0161ov\u00e1 &#8211; jsme nuceni po t\u00e9m\u011b\u0159 deseti letech spolupr\u00e1ce p\u0159istoupit na zm\u011bnu &#8211; nov\u011b nab\u00edz\u00edme piva n\u00e1m je\u0161t\u011b bli\u017e\u0161\u00edho Karlovsk\u00e9ho minipivovaru Pod Pralesem z t\u00e9m\u011b\u0159 sousedn\u00edch Velk\u00fdch Karlovic. Nyn\u00ed tedy m\u00e1me v nab\u00eddce z\u00e1kladn\u00ed nefiltrovan\u00e9 a nepasterovan\u00e9 pivo Sk\u0159\u00edtek 11\u00b0, d\u00e1le aktu\u00e1ln\u011b i siln\u011bj\u0161\u00ed [&hellip;]","og_url":"https:\/\/www.hotelportas.cz\/de\/nova-piva-na-portasi\/","og_site_name":"Horsk\u00fd hotel Port\u00e1\u0161","article_published_time":"2025-12-14T20:51:14+00:00","article_modified_time":"2026-04-26T11:10:49+00:00","author":"portas","twitter_card":"summary_large_image","twitter_misc":{"Written by":"portas","Est. reading time":"1 minute"},"schema":{"@context":"https:\/\/schema.org","@graph":[{"@type":"Article","@id":"https:\/\/www.hotelportas.cz\/de\/nova-piva-na-portasi\/#article","isPartOf":{"@id":"https:\/\/www.hotelportas.cz\/de\/nova-piva-na-portasi\/"},"author":{"name":"portas","@id":"https:\/\/www.hotelportas.cz\/#\/schema\/person\/96844ea135b64ea833e5dc21ee226803"},"headline":"Nov\u00e1 piva na Port\u00e1\u0161i","datePublished":"2025-12-14T20:51:14+00:00","dateModified":"2026-04-26T11:10:49+00:00","mainEntityOfPage":{"@id":"https:\/\/www.hotelportas.cz\/de\/nova-piva-na-portasi\/"},"wordCount":122,"commentCount":0,"publisher":{"@id":"https:\/\/www.hotelportas.cz\/#organization"},"image":{"@id":"https:\/\/www.hotelportas.cz\/de\/nova-piva-na-portasi\/#primaryimage"},"thumbnailUrl":"https:\/\/www.hotelportas.cz\/wp-content\/uploads\/2025\/12\/IMG_8070.heic","articleSection":["Unkategorisiert"],"inLanguage":"de-DE","potentialAction":[{"@type":"CommentAction","name":"Comment","target":["https:\/\/www.hotelportas.cz\/de\/nova-piva-na-portasi\/#respond"]}]},{"@type":"WebPage","@id":"https:\/\/www.hotelportas.cz\/de\/nova-piva-na-portasi\/","url":"https:\/\/www.hotelportas.cz\/de\/nova-piva-na-portasi\/","name":"Nov\u00e1 piva na Port\u00e1\u0161i - Horsk\u00fd hotel Port\u00e1\u0161","isPartOf":{"@id":"https:\/\/www.hotelportas.cz\/#website"},"primaryImageOfPage":{"@id":"https:\/\/www.hotelportas.cz\/de\/nova-piva-na-portasi\/#primaryimage"},"image":{"@id":"https:\/\/www.hotelportas.cz\/de\/nova-piva-na-portasi\/#primaryimage"},"thumbnailUrl":"https:\/\/www.hotelportas.cz\/wp-content\/uploads\/2025\/12\/IMG_8070.heic","datePublished":"2025-12-14T20:51:14+00:00","dateModified":"2026-04-26T11:10:49+00:00","breadcrumb":{"@id":"https:\/\/www.hotelportas.cz\/de\/nova-piva-na-portasi\/#breadcrumb"},"inLanguage":"de-DE","potentialAction":[{"@type":"ReadAction","target":["https:\/\/www.hotelportas.cz\/de\/nova-piva-na-portasi\/"]}]},{"@type":"ImageObject","inLanguage":"de-DE","@id":"https:\/\/www.hotelportas.cz\/de\/nova-piva-na-portasi\/#primaryimage","url":"https:\/\/www.hotelportas.cz\/wp-content\/uploads\/2025\/12\/IMG_8070.heic","contentUrl":"https:\/\/www.hotelportas.cz\/wp-content\/uploads\/2025\/12\/IMG_8070.heic","width":2283,"height":1690},{"@type":"BreadcrumbList","@id":"https:\/\/www.hotelportas.cz\/de\/nova-piva-na-portasi\/#breadcrumb","itemListElement":[{"@type":"ListItem","position":1,"name":"Home","item":"https:\/\/www.hotelportas.cz\/de\/"},{"@type":"ListItem","position":2,"name":"Nov\u00e1 piva na Port\u00e1\u0161i"}]},{"@type":"WebSite","@id":"https:\/\/www.hotelportas.cz\/#website","url":"https:\/\/www.hotelportas.cz\/","name":"Horsk\u00fd hotel Port\u00e1\u0161","description":"Hotel Port\u00e1\u0161 - tradi\u010dn\u00ed vala\u0161sk\u00fd d\u0159ev\u011bn\u00fd hotel v srdci Javorn\u00edk\u016f.","publisher":{"@id":"https:\/\/www.hotelportas.cz\/#organization"},"potentialAction":[{"@type":"SearchAction","target":{"@type":"EntryPoint","urlTemplate":"https:\/\/www.hotelportas.cz\/?s={search_term_string}"},"query-input":{"@type":"PropertyValueSpecification","valueRequired":true,"valueName":"search_term_string"}}],"inLanguage":"de-DE"},{"@type":"Organization","@id":"https:\/\/www.hotelportas.cz\/#organization","name":"Horsk\u00fd hotel Port\u00e1\u0161","url":"https:\/\/www.hotelportas.cz\/","logo":{"@type":"ImageObject","inLanguage":"de-DE","@id":"https:\/\/www.hotelportas.cz\/#\/schema\/logo\/image\/","url":"https:\/\/www.hotelportas.cz\/wp-content\/uploads\/2022\/05\/Portas-logo-domecek.png","contentUrl":"https:\/\/www.hotelportas.cz\/wp-content\/uploads\/2022\/05\/Portas-logo-domecek.png","width":719,"height":719,"caption":"Horsk\u00fd hotel Port\u00e1\u0161"},"image":{"@id":"https:\/\/www.hotelportas.cz\/#\/schema\/logo\/image\/"}},{"@type":"Person","@id":"https:\/\/www.hotelportas.cz\/#\/schema\/person\/96844ea135b64ea833e5dc21ee226803","name":"portas","image":{"@type":"ImageObject","inLanguage":"de-DE","@id":"https:\/\/secure.gravatar.com\/avatar\/b87a6da866c4994b8586d06ff36da0a94d3bef0be088c35e23c877fa35bdff46?s=96&d=mm&r=g","url":"https:\/\/secure.gravatar.com\/avatar\/b87a6da866c4994b8586d06ff36da0a94d3bef0be088c35e23c877fa35bdff46?s=96&d=mm&r=g","contentUrl":"https:\/\/secure.gravatar.com\/avatar\/b87a6da866c4994b8586d06ff36da0a94d3bef0be088c35e23c877fa35bdff46?s=96&d=mm&r=g","caption":"portas"},"url":"https:\/\/www.hotelportas.cz\/de\/author\/portas\/"}]}},"_links":{"self":[{"href":"https:\/\/www.hotelportas.cz\/de\/wp-json\/wp\/v2\/posts\/1826","targetHints":{"allow":["GET"]}}],"collection":[{"href":"https:\/\/www.hotelportas.cz\/de\/wp-json\/wp\/v2\/posts"}],"about":[{"href":"https:\/\/www.hotelportas.cz\/de\/wp-json\/wp\/v2\/types\/post"}],"author":[{"embeddable":true,"href":"https:\/\/www.hotelportas.cz\/de\/wp-json\/wp\/v2\/users\/1"}],"replies":[{"embeddable":true,"href":"https:\/\/www.hotelportas.cz\/de\/wp-json\/wp\/v2\/comments?post=1826"}],"version-history":[{"count":1,"href":"https:\/\/www.hotelportas.cz\/de\/wp-json\/wp\/v2\/posts\/1826\/revisions"}],"predecessor-version":[{"id":1828,"href":"https:\/\/www.hotelportas.cz\/de\/wp-json\/wp\/v2\/posts\/1826\/revisions\/1828"}],"wp:featuredmedia":[{"embeddable":true,"href":"https:\/\/www.hotelportas.cz\/de\/wp-json\/wp\/v2\/media\/1730"}],"wp:attachment":[{"href":"https:\/\/www.hotelportas.cz\/de\/wp-json\/wp\/v2\/media?parent=1826"}],"wp:term":[{"taxonomy":"category","embeddable":true,"href":"https:\/\/www.hotelportas.cz\/de\/wp-json\/wp\/v2\/categories?post=1826"},{"taxonomy":"post_tag","embeddable":true,"href":"https:\/\/www.hotelportas.cz\/de\/wp-json\/wp\/v2\/tags?post=1826"}],"curies":[{"name":"wp","href":"https:\/\/api.w.org\/{rel}","templated":true}]}}